{"id":1275,"date":"2020-11-27T12:00:15","date_gmt":"2020-11-27T11:00:15","guid":{"rendered":"https:\/\/boffenigo.com\/camminata-alla-rocca-del-garda-con-aperitivo\/"},"modified":"2021-04-20T13:37:49","modified_gmt":"2021-04-20T11:37:49","slug":"spaziergang-sie-mit-einem-aperitif-zur-rocca-del-garda","status":"publish","type":"post","link":"https:\/\/boffenigo.com\/de\/spaziergang-sie-mit-einem-aperitif-zur-rocca-del-garda\/","title":{"rendered":"Spaziergang Sie mit einem Aperitif zur Rocca del Garda"},"content":{"rendered":"[vc_row type=&#8220;in_container&#8220; full_screen_row_position=&#8220;middle&#8220; column_margin=&#8220;default&#8220; column_direction=&#8220;default&#8220; column_direction_tablet=&#8220;default&#8220; column_direction_phone=&#8220;default&#8220; scene_position=&#8220;center&#8220; text_color=&#8220;dark&#8220; text_align=&#8220;left&#8220; row_border_radius=&#8220;none&#8220; row_border_radius_applies=&#8220;bg&#8220; overlay_strength=&#8220;0.3&#8243; gradient_direction=&#8220;left_to_right&#8220; shape_divider_position=&#8220;bottom&#8220; bg_image_animation=&#8220;none&#8220;][vc_column column_padding=&#8220;no-extra-padding&#8220; column_padding_tablet=&#8220;inherit&#8220; column_padding_phone=&#8220;inherit&#8220; column_padding_position=&#8220;all&#8220; background_color_opacity=&#8220;1&#8243; background_hover_color_opacity=&#8220;1&#8243; column_shadow=&#8220;none&#8220; column_border_radius=&#8220;none&#8220; column_link_target=&#8220;_self&#8220; gradient_direction=&#8220;left_to_right&#8220; overlay_strength=&#8220;0.3&#8243; width=&#8220;1\/1&#8243; tablet_width_inherit=&#8220;default&#8220; tablet_text_alignment=&#8220;default&#8220; phone_text_alignment=&#8220;default&#8220; column_border_width=&#8220;none&#8220; column_border_style=&#8220;solid&#8220; bg_image_animation=&#8220;none&#8220;][vc_column_text]Die Aussicht da oben ist beeindruckend, erhaben. Man kann den Gardasee und den wundersch\u00f6nen Golf zu seinen F\u00fc\u00dfen betrachten. Die gro\u00dfe Wiese geht zum Ort Garda hin und jeder ruft beim Anblick dieser Landschaft dasselbe aus: WOW!<\/p>\n<p>Wovon sprechen wir? Von der Roccca Vecchia, der alten Rocca, einem der ber\u00fchmtesten und verzauberndsten nat\u00fcrlichen Aussichtspunkten unseres Sees und einer der Ausflugsziele, die vom Boffenigo organisiert und von Vanessa, der Guest Experience Managerin der B-Family, geleitet werden.<\/p>\n<p>&#8222;Ich habe eine amerikanische Familie auf die Rocca Vecchia begleitet&#8220;, -erz\u00e4hlt Vanessa &#8211; wir sind vom Hotel Boffenigo losgegangen, wir sind dem Pfad durch die Weing\u00e4rten bis zur Ortschaft Monvei gefolgt und sind von dort auf der Allee in Richtung des &#8222;Eremo di San Giorgo&#8220; hochgestiegen. Dann sind wir weiter durch das W\u00e4ldchen in Richtung Rocca gewandert. Nach einer kurzen Rast haben wir auf das letzte St\u00fcck des Weges \u00fcber die Geschichte der alten Festung geredet, die von der H\u00f6he der Rocca Vecchia gut verteidigt werden konnte. An der Spitze angekommen, hat uns der Ausblick den Atem geraubt&#8230;was f\u00fcr ein Schaupspiel! Unseren G\u00e4sten hat die Exkursion sehr gefallen und sie h\u00e4tten gerne, bezaubert von der Sch\u00f6nheit unserer Region, ihren Aufenthalt im Hotel verl\u00e4ngert&#8230; doch sie hatten schon f\u00fcr das n\u00e4chste Urlaubziel in Venedig gebucht!&#8220;<\/p>\n<p>Rocca di Garda: Urspr\u00fcnge und historische Bedeutung<\/p>\n<p>Rocca di Garda ist eine Anh\u00f6he zwischen Garda und Bardolino, die steil \u00fcber den gleichnamigen See ragt und zwei Hauptgipfel hat: Rocca Vecchia (der Alte Felsen oder auch die Alte Burg) und Eremo di San Giorgio (die Einsiedelei des Heiligen Georgs). Der m\u00e4rchenhafte Weg dorthin schl\u00e4ngelt sich zwischen W\u00e4ldern, Weing\u00e4rten, Bauernh\u00e4usern und arch\u00e4ologischen, mittelalterlichen und milit\u00e4rischen \u00dcberresten. Das Gebiet geh\u00f6rt zum Bereich GGB: Gebiet von gemeinschaftlicher Bedeutung.<\/p>\n<p>Die Anh\u00f6he hat eine historische Bedeutung, weil auf ihrem Gipfel im 15. Jahrhundert v. C. in der Epoche der Longobarden eine Festung errichtet wurde (von der wenige Mauerreste \u00fcbrig geblieben sind), die der Anh\u00f6he bis heute ihren Namen gibt. Au\u00dferdem sind auf der Rocca Spuren menschlicher Siedlungen aus dem Bronzezeitalter gefunden worden und Manufakte und Fundst\u00fccke milit\u00e4rischer und religi\u00f6ser Natur und von Bestattungen, die auf das r\u00f6mische Zeitalter datiert werden k\u00f6nnen, entdeckt worden.<\/p>\n<p>Das auf dem Felsen errichtete Burgschloss wurde in wenigen Jahren ein Bollwerk von enormer strategischer Bedeutung. Ihm verdanken wir den Namen &#8222;Garda&#8220; (aus dem Altgermanischen &#8222;Warda&#8220; oder &#8222;Warte&#8220;, &#8222;Wache&#8220;, &#8222;Festung&#8220;), wie man anf\u00e4nglich den Ort und sp\u00e4ter den ganzen See nannte, anstelle des \u00e4lteren lateinischen Namens Benaco.<\/p>\n<p>Laut einigen historischen Quellen lie\u00df Berengar II., als er K\u00f6nig Italiens war, in dieser Festung vom 19. April bis zum 26. August 951 Adelaide von Borgogna, Witwe von Lothar II. und zuk\u00fcnftige Frau des Kaisers Ottone I. gefangen halten. Im Jahre 1193 trat der Kaiser Heinrich der VI. Rocca di Garda f\u00fcr 700 Silbermark an die Stadt Verona ab. Die Burg wurde aus unbekannten Gr\u00fcnden von ihre Verteidigern Anfang des 13. Jahrhunderts, wahrscheinlich zur Zeit des Kaiserreich Ottones IV., demoliert.<\/p>\n<p>Die Details zu dieser Exkursion:<\/p>\n<p>Gesamtdauer: 2 Stunden und 45 Minuten.<br \/>\nMaximale H\u00f6he: 280 Meter.<br \/>\nSchwierigkeitsgrad: Mittelschwer.<br \/>\nArt der Strecke: Geeignet f\u00fcr Personen, die gewohnt sind, auf H\u00fcgel und Bergen zu wandern.<br \/>\nKleidung: Bequeme Kleidung f\u00fcr Spazierg\u00e4nge.<br \/>\nTechnische Ausr\u00fcstung: Es sind Schuhe mit Profilsohle notwendig, um guten Halt auf den Felsplatten zu haben.[\/vc_column_text][image_with_animation image_url=&#8220;1276&#8243; animation=&#8220;Fade In&#8220; hover_animation=&#8220;none&#8220; alignment=&#8220;&#8220; border_radius=&#8220;none&#8220; box_shadow=&#8220;none&#8220; image_loading=&#8220;default&#8220; max_width=&#8220;100%&#8220; max_width_mobile=&#8220;default&#8220;][vc_gallery type=&#8220;image_grid&#8220; images=&#8220;2506,2503&#8243; layout=&#8220;2&#8243; item_spacing=&#8220;default&#8220; gallery_style=&#8220;7&#8243; load_in_animation=&#8220;none&#8220;][\/vc_column][\/vc_row]\n","protected":false},"excerpt":{"rendered":"<p>Der Roccca Vecchia, der alten Rocca, einem der ber\u00fchmtesten und verzauberndsten nat\u00fcrlichen Aussichtspunkten unseres Sees und einer der Ausflugsziele, die vom Boffenigo organisiert und von Vanessa<\/p>\n","protected":false},"author":1,"featured_media":1276,"comment_status":"closed","ping_status":"closed","sticky":false,"template":"","format":"standard","meta":[],"categories":[11],"tags":[],"yoast_head":"<!-- This site is optimized with the Yoast SEO plugin v15.3 - https:\/\/yoast.com\/wordpress\/plugins\/seo\/ -->\n<title>Hotel Boffenigo Ausfl\u00fcge: Entdecken Sie die Rocca Vecchia \u00fcber Garda<\/title>\n<meta name=\"description\" content=\"Der Blick von der Rocca Vecchia zwischen Garda und Bardolino wird Sie nicht gleichg\u00fcltig lassen! Ein Weg im Gr\u00fcnen, zwischen W\u00e4ldern, Weinbergen und mittelalterlichen und milit\u00e4rischen arch\u00e4ologischen \u00dcberresten.\" \/>\n<meta name=\"robots\" content=\"index, follow, max-snippet:-1, max-image-preview:large, max-video-preview:-1\" \/>\n<link rel=\"canonical\" href=\"https:\/\/boffenigo.com\/de\/spaziergang-sie-mit-einem-aperitif-zur-rocca-del-garda\/\" \/>\n<meta property=\"og:locale\" content=\"de_DE\" \/>\n<meta property=\"og:type\" content=\"article\" \/>\n<meta property=\"og:title\" content=\"Hotel Boffenigo Ausfl\u00fcge: Entdecken Sie die Rocca Vecchia \u00fcber Garda\" \/>\n<meta property=\"og:description\" content=\"Der Blick von der Rocca Vecchia zwischen Garda und Bardolino wird Sie nicht gleichg\u00fcltig lassen! Ein Weg im Gr\u00fcnen, zwischen W\u00e4ldern, Weinbergen und mittelalterlichen und milit\u00e4rischen arch\u00e4ologischen \u00dcberresten.\" \/>\n<meta property=\"og:url\" content=\"https:\/\/boffenigo.com\/de\/spaziergang-sie-mit-einem-aperitif-zur-rocca-del-garda\/\" \/>\n<meta property=\"og:site_name\" content=\"Boffenigo\" \/>\n<meta property=\"article:published_time\" content=\"2020-11-27T11:00:15+00:00\" \/>\n<meta property=\"article:modified_time\" content=\"2021-04-20T11:37:49+00:00\" \/>\n<meta property=\"og:image\" content=\"https:\/\/boffenigo.com\/wp-content\/uploads\/dji-0234-1-.jpg\" \/>\n\t<meta property=\"og:image:width\" content=\"959\" \/>\n\t<meta property=\"og:image:height\" content=\"540\" \/>\n<meta name=\"twitter:card\" content=\"summary_large_image\" \/>\n<meta name=\"twitter:label1\" content=\"Verfasst von\">\n\t<meta name=\"twitter:data1\" content=\"admin\">\n\t<meta name=\"twitter:label2\" content=\"Gesch\u00e4tzte Lesezeit\">\n\t<meta name=\"twitter:data2\" content=\"3\u00a0Minuten\">\n<script type=\"application\/ld+json\" class=\"yoast-schema-graph\">{\"@context\":\"https:\/\/schema.org\",\"@graph\":[{\"@type\":\"WebSite\",\"@id\":\"https:\/\/boffenigo.com\/#website\",\"url\":\"https:\/\/boffenigo.com\/\",\"name\":\"Boffenigo\",\"description\":\"Un nuovo sito targato WordPress\",\"potentialAction\":[{\"@type\":\"SearchAction\",\"target\":\"https:\/\/boffenigo.com\/?s={search_term_string}\",\"query-input\":\"required name=search_term_string\"}],\"inLanguage\":\"de\"},{\"@type\":\"ImageObject\",\"@id\":\"https:\/\/boffenigo.com\/de\/spaziergang-sie-mit-einem-aperitif-zur-rocca-del-garda\/#primaryimage\",\"inLanguage\":\"de\",\"url\":\"https:\/\/boffenigo.com\/wp-content\/uploads\/dji-0234-1-.jpg\",\"width\":959,\"height\":540},{\"@type\":\"WebPage\",\"@id\":\"https:\/\/boffenigo.com\/de\/spaziergang-sie-mit-einem-aperitif-zur-rocca-del-garda\/#webpage\",\"url\":\"https:\/\/boffenigo.com\/de\/spaziergang-sie-mit-einem-aperitif-zur-rocca-del-garda\/\",\"name\":\"Hotel Boffenigo Ausfl\\u00fcge: Entdecken Sie die Rocca Vecchia \\u00fcber Garda\",\"isPartOf\":{\"@id\":\"https:\/\/boffenigo.com\/#website\"},\"primaryImageOfPage\":{\"@id\":\"https:\/\/boffenigo.com\/de\/spaziergang-sie-mit-einem-aperitif-zur-rocca-del-garda\/#primaryimage\"},\"datePublished\":\"2020-11-27T11:00:15+00:00\",\"dateModified\":\"2021-04-20T11:37:49+00:00\",\"author\":{\"@id\":\"https:\/\/boffenigo.com\/#\/schema\/person\/22eb7e582081f01c8506fd8559c4fcc5\"},\"description\":\"Der Blick von der Rocca Vecchia zwischen Garda und Bardolino wird Sie nicht gleichg\\u00fcltig lassen! Ein Weg im Gr\\u00fcnen, zwischen W\\u00e4ldern, Weinbergen und mittelalterlichen und milit\\u00e4rischen arch\\u00e4ologischen \\u00dcberresten.\",\"inLanguage\":\"de\",\"potentialAction\":[{\"@type\":\"ReadAction\",\"target\":[\"https:\/\/boffenigo.com\/de\/spaziergang-sie-mit-einem-aperitif-zur-rocca-del-garda\/\"]}]},{\"@type\":\"Person\",\"@id\":\"https:\/\/boffenigo.com\/#\/schema\/person\/22eb7e582081f01c8506fd8559c4fcc5\",\"name\":\"admin\",\"sameAs\":[\"https:\/\/boffenigo.com\"]}]}<\/script>\n<!-- \/ Yoast SEO plugin. -->","_links":{"self":[{"href":"https:\/\/boffenigo.com\/de\/wp-json\/wp\/v2\/posts\/1275"}],"collection":[{"href":"https:\/\/boffenigo.com\/de\/wp-json\/wp\/v2\/posts"}],"about":[{"href":"https:\/\/boffenigo.com\/de\/wp-json\/wp\/v2\/types\/post"}],"author":[{"embeddable":true,"href":"https:\/\/boffenigo.com\/de\/wp-json\/wp\/v2\/users\/1"}],"replies":[{"embeddable":true,"href":"https:\/\/boffenigo.com\/de\/wp-json\/wp\/v2\/comments?post=1275"}],"version-history":[{"count":6,"href":"https:\/\/boffenigo.com\/de\/wp-json\/wp\/v2\/posts\/1275\/revisions"}],"predecessor-version":[{"id":2692,"href":"https:\/\/boffenigo.com\/de\/wp-json\/wp\/v2\/posts\/1275\/revisions\/2692"}],"wp:featuredmedia":[{"embeddable":true,"href":"https:\/\/boffenigo.com\/de\/wp-json\/wp\/v2\/media\/1276"}],"wp:attachment":[{"href":"https:\/\/boffenigo.com\/de\/wp-json\/wp\/v2\/media?parent=1275"}],"wp:term":[{"taxonomy":"category","embeddable":true,"href":"https:\/\/boffenigo.com\/de\/wp-json\/wp\/v2\/categories?post=1275"},{"taxonomy":"post_tag","embeddable":true,"href":"https:\/\/boffenigo.com\/de\/wp-json\/wp\/v2\/tags?post=1275"}],"curies":[{"name":"wp","href":"https:\/\/api.w.org\/{rel}","templated":true}]}}