{"id":4271,"date":"2022-01-11T12:08:02","date_gmt":"2022-01-11T11:08:02","guid":{"rendered":"https:\/\/boffenigo.com\/?p=4271"},"modified":"2023-01-30T09:58:47","modified_gmt":"2023-01-30T08:58:47","slug":"wir-sind-voller-guter-vorsaetze","status":"publish","type":"post","link":"https:\/\/boffenigo.com\/de\/wir-sind-voller-guter-vorsaetze\/","title":{"rendered":"Wir sind voller guter Vors\u00e4tze"},"content":{"rendered":"[vc_row type=&#8220;in_container&#8220; full_screen_row_position=&#8220;middle&#8220; column_margin=&#8220;default&#8220; column_direction=&#8220;default&#8220; column_direction_tablet=&#8220;default&#8220; column_direction_phone=&#8220;default&#8220; scene_position=&#8220;center&#8220; text_color=&#8220;dark&#8220; text_align=&#8220;left&#8220; row_border_radius=&#8220;none&#8220; row_border_radius_applies=&#8220;bg&#8220; overflow=&#8220;visible&#8220; overlay_strength=&#8220;0.3&#8243; gradient_direction=&#8220;left_to_right&#8220; shape_divider_position=&#8220;bottom&#8220; bg_image_animation=&#8220;none&#8220;][vc_column column_padding=&#8220;no-extra-padding&#8220; column_padding_tablet=&#8220;inherit&#8220; column_padding_phone=&#8220;inherit&#8220; column_padding_position=&#8220;all&#8220; column_element_spacing=&#8220;default&#8220; background_color_opacity=&#8220;1&#8243; background_hover_color_opacity=&#8220;1&#8243; column_shadow=&#8220;none&#8220; column_border_radius=&#8220;none&#8220; column_link_target=&#8220;_self&#8220; column_position=&#8220;default&#8220; gradient_direction=&#8220;left_to_right&#8220; overlay_strength=&#8220;0.3&#8243; width=&#8220;1\/1&#8243; tablet_width_inherit=&#8220;default&#8220; tablet_text_alignment=&#8220;default&#8220; phone_text_alignment=&#8220;default&#8220; animation_type=&#8220;default&#8220; bg_image_animation=&#8220;none&#8220; border_type=&#8220;simple&#8220; column_border_width=&#8220;none&#8220; column_border_style=&#8220;solid&#8220;][vc_column_text]Wer wei\u00df, warum wir, sobald wir den Kalender umbl\u00e4ttern und ein neues Jahr beginnen, buchst\u00e4blich <strong>von tausend guten Vors\u00e4tzen \u00fcberfallen werden<\/strong>, die in den folgenden Tagen meist ebenso schnell wieder verschwinden.<\/p>\n<p>Leider sind echte Ver\u00e4nderungen nicht das Ergebnis pl\u00f6tzlicher Entscheidungen, sondern st\u00e4ndiger Bem\u00fchungen, die die richtige Zeit brauchen, um Gestalt anzunehmen.<\/p>\n<p>Auch wir in der B-Family haben unsere guten Vors\u00e4tze, <strong>an denen wir aber schon seit vielen Monaten arbeiten<\/strong>, um sie Ihnen bei der Wiederer\u00f6ffnung im Jahr 2022 pr\u00e4sentieren zu k\u00f6nnen.<\/p>\n<p>Jetzt, da wir geschlossen sind, nutzen wir die Gelegenheit, um sie nach und nach umzusetzen.<\/p>\n<p>Ja, denn gute Vors\u00e4tze brauchen viel Organisation, st\u00e4ndige Arbeit und eine gute Portion Kreativit\u00e4t, um Wirklichkeit zu werden.<\/p>\n<p>Eine Mischung von Voraussetzungen, die es uns erm\u00f6glicht, immer die brillantesten L\u00f6sungen f\u00fcr die unweigerlich auftretenden Hindernisse zu finden.<\/p>\n<p>Sie werden sich noch ein paar Monate gedulden m\u00fcssen, um sie pers\u00f6nlich zu erleben, aber <strong>wir k\u00f6nnen Ihnen schon heute einen Vorgeschmack auf das geben<\/strong>, was auf Sie zukommt.<\/p>\n<h2>EINE NEUE ART, EINEN APERITIF AUF DER TERRASSE ZU GENIESSEN<\/h2>\n<p>F\u00fcr 2022 haben wir uns unter anderem vorgenommen, <strong>unseren Aperitif<\/strong>, den wir jeden Abend auf unserer herrlichen Terrasse servieren, <strong>noch einladender zu gestalten<\/strong>.<\/p>\n<p>Es scheint eine unm\u00f6gliche Mission zu sein, denn wir bieten Ihnen schon heute einen Aperitif der Spitzenklasse: ausgezeichnete Cocktails und erlesene Weine, leckere Snacks und Kostproben einiger lokaler Produkte. Und alles bekommt einen ganz besonderen Geschmack, wenn Sie es bequem am Tisch auf unserer Terrasse genie\u00dfen, umgeben von Gr\u00fcn und mit dem einzigartigen Panorama des Gardasees von oben.<\/p>\n<p>Aber wir wissen, dass alles verbessert werden kann, sogar unser geliebtes <a href=\"https:\/\/boffenigo.com\/de\/geschmack\/\">AperiBoff<\/a>: Wir haben daher beschlossen, <strong>unser Angebot an Aperitifs und Cocktails zu erweitern<\/strong>, um Ihre Sinne zu stimulieren und Ihnen eine Auswahl an neuen und intensiven Geschmacksrichtungen zu bieten.<\/p>\n<p>Um das Ganze ein wenig aufzupeppen, werden wir auch neue <strong>Themenabende mit Musik veranstalten<\/strong>, um die richtige Atmosph\u00e4re zu schaffen und Ihre sch\u00f6nsten Momente mit einem au\u00dfergew\u00f6hnlichen Soundtrack zu begleiten.<\/p>\n<h2>DIE NEUE BIOSAUNA<\/h2>\n<p>Wenn Sie schon einmal im Boffenigo Panorama &amp; Experience Hotel \u00fcbernachtet haben, wissen Sie, wie sehr wir Entspannung sch\u00e4tzen: Wir m\u00f6chten, dass unsere G\u00e4ste alles haben, was sie brauchen, um sich vollst\u00e4ndig zu regenerieren und mit einem Gef\u00fchl von neuer Kraft nach Hause zu kommen.<\/p>\n<p>Zus\u00e4tzlich zu den beiden Schwimmb\u00e4dern (eines im Innen- und eines im Au\u00dfenbereich) haben wir <strong>einen SPA-Bereich<\/strong> mit Sauna, t\u00fcrkischem Bad, Kneipp-Therapie, Entspannungsliegen, Farbtherapie, Wasserd\u00fcsen sowie Erlebnis- und Tropen-Duschen eingerichtet.<\/p>\n<p>Aber das war uns nicht genug. Der Wunsch, alles noch besser zu machen, hat uns dazu veranlasst, den SPA-Bereich um eine neue Anlage zu erweitern: die <strong>neue Bio-Sauna<\/strong>. Es handelt sich um eine sanftere Version der Sauna, die sich von dieser durch niedrigere Temperaturen und eine geringere Luftfeuchtigkeit unterscheidet und daher leichter zug\u00e4nglich ist.<\/p>\n<p>Die Vorteile einer solchen Behandlung sind zahlreich, wie die tiefe Entspannung, die sie hervorruft, die Aktivierung des Kreislaufs, ohne den K\u00f6rper zu belasten, die Entschlackung des K\u00f6rpers und eine strahlendere Haut.<\/p>\n<h2>ZUSAMMEN IM SOMMER, ABER AUCH IM WINTER<\/h2>\n<p>All diese guten Vors\u00e4tze werden nun Wirklichkeit, und in der kommenden Sommersaison werden Sie alle positiven Auswirkungen genie\u00dfen k\u00f6nnen.<\/p>\n<p>Es besteht kein Zweifel, dass sch\u00f6nes Wetter diese Erlebnisse noch angenehmer macht, da die sanfte W\u00e4rme zur Entspannung beitr\u00e4gt und die Farben des Himmels und der Erde durch die Sonnenstrahlen noch lebendiger und strahlender werden.<\/p>\n<p><strong>Der Sommer ist zwar das Herzst\u00fcck eines jeden Urlaub<\/strong>s, aber warum sollten Sie uns nicht auch am Ende des Jahres besuchen kommen? Eine weitere gute Nachricht f\u00fcr 2022 ist, dass <strong>unser Hotel auch an den Wochenenden im November und Dezember ge\u00f6ffnet<\/strong> sein wird.<br \/>\nWir w\u00fcrden uns freuen, wenn Sie nach einem sch\u00f6nen Sommer mit uns Weihnachten oder Silvester feiern w\u00fcrden.<\/p>\n<p>Wir werden etwas ganz Besonderes f\u00fcr Sie vorbereiten, denn wir haben noch viele gute Vors\u00e4tze, an denen wir arbeiten m\u00fcssen.<br \/>\nWir freuen uns auf Ihren Besuch![\/vc_column_text][\/vc_column][\/vc_row][vc_row type=&#8220;in_container&#8220; full_screen_row_position=&#8220;middle&#8220; column_margin=&#8220;default&#8220; column_direction=&#8220;default&#8220; column_direction_tablet=&#8220;default&#8220; column_direction_phone=&#8220;default&#8220; scene_position=&#8220;center&#8220; text_color=&#8220;dark&#8220; text_align=&#8220;left&#8220; row_border_radius=&#8220;none&#8220; row_border_radius_applies=&#8220;bg&#8220; overflow=&#8220;visible&#8220; overlay_strength=&#8220;0.3&#8243; gradient_direction=&#8220;left_to_right&#8220; shape_divider_position=&#8220;bottom&#8220; bg_image_animation=&#8220;none&#8220;][vc_column column_padding=&#8220;no-extra-padding&#8220; column_padding_tablet=&#8220;inherit&#8220; column_padding_phone=&#8220;inherit&#8220; column_padding_position=&#8220;all&#8220; column_element_spacing=&#8220;default&#8220; background_color_opacity=&#8220;1&#8243; background_hover_color_opacity=&#8220;1&#8243; column_shadow=&#8220;none&#8220; column_border_radius=&#8220;none&#8220; column_link_target=&#8220;_self&#8220; column_position=&#8220;default&#8220; gradient_direction=&#8220;left_to_right&#8220; overlay_strength=&#8220;0.3&#8243; width=&#8220;1\/1&#8243; tablet_width_inherit=&#8220;default&#8220; tablet_text_alignment=&#8220;default&#8220; phone_text_alignment=&#8220;default&#8220; animation_type=&#8220;default&#8220; bg_image_animation=&#8220;none&#8220; border_type=&#8220;simple&#8220; column_border_width=&#8220;none&#8220; column_border_style=&#8220;solid&#8220;][image_with_animation image_url=&#8220;4296&#8243; image_size=&#8220;full&#8220; animation_type=&#8220;entrance&#8220; animation=&#8220;Fade In&#8220; hover_animation=&#8220;none&#8220; alignment=&#8220;center&#8220; border_radius=&#8220;none&#8220; box_shadow=&#8220;none&#8220; image_loading=&#8220;default&#8220; max_width=&#8220;100%&#8220; max_width_mobile=&#8220;default&#8220;][vc_gallery type=&#8220;image_grid&#8220; images=&#8220;4317,4305&#8243; image_grid_loading=&#8220;default&#8220; layout=&#8220;2&#8243; item_spacing=&#8220;default&#8220; gallery_style=&#8220;7&#8243; load_in_animation=&#8220;none&#8220;][divider line_type=&#8220;No Line&#8220;][\/vc_column][\/vc_row]\n","protected":false},"excerpt":{"rendered":"<p>Wir k\u00f6nnen Ihnen schon heute einen Vorgeschmack auf das geben, was auf Sie zukommt.<\/p>\n","protected":false},"author":1,"featured_media":4296,"comment_status":"closed","ping_status":"closed","sticky":false,"template":"","format":"standard","meta":[],"categories":[36,24,42,64,48],"tags":[],"yoast_head":"<!-- This site is optimized with the Yoast SEO plugin v15.3 - https:\/\/yoast.com\/wordpress\/plugins\/seo\/ -->\n<title>Die Neuheiten 2022 des 4-Sterne-Hotels Boffenigo am Gardasee<\/title>\n<meta name=\"description\" content=\"Einige Neuigkeiten, die Sie erwarten: neue Aperitifs mit Blick auf den Gardasee, Erlebnisse zum Entdecken der Umgebung und eine Biosauna!\" \/>\n<meta name=\"robots\" content=\"index, follow, max-snippet:-1, max-image-preview:large, max-video-preview:-1\" \/>\n<link rel=\"canonical\" href=\"https:\/\/boffenigo.com\/de\/wir-sind-voller-guter-vorsaetze\/\" \/>\n<meta property=\"og:locale\" content=\"de_DE\" \/>\n<meta property=\"og:type\" content=\"article\" \/>\n<meta property=\"og:title\" content=\"Die Neuheiten 2022 des 4-Sterne-Hotels Boffenigo am Gardasee\" \/>\n<meta property=\"og:description\" content=\"Einige Neuigkeiten, die Sie erwarten: neue Aperitifs mit Blick auf den Gardasee, Erlebnisse zum Entdecken der Umgebung und eine Biosauna!\" \/>\n<meta property=\"og:url\" content=\"https:\/\/boffenigo.com\/de\/wir-sind-voller-guter-vorsaetze\/\" \/>\n<meta property=\"og:site_name\" content=\"Boffenigo\" \/>\n<meta property=\"article:published_time\" content=\"2022-01-11T11:08:02+00:00\" \/>\n<meta property=\"article:modified_time\" content=\"2023-01-30T08:58:47+00:00\" \/>\n<meta property=\"og:image\" content=\"https:\/\/boffenigo.com\/wp-content\/uploads\/TWR_1875.jpg\" \/>\n\t<meta property=\"og:image:width\" content=\"1280\" \/>\n\t<meta property=\"og:image:height\" content=\"853\" \/>\n<meta name=\"twitter:card\" content=\"summary_large_image\" \/>\n<meta name=\"twitter:label1\" content=\"Verfasst von\">\n\t<meta name=\"twitter:data1\" content=\"admin\">\n\t<meta name=\"twitter:label2\" content=\"Gesch\u00e4tzte Lesezeit\">\n\t<meta name=\"twitter:data2\" content=\"4\u00a0Minuten\">\n<script type=\"application\/ld+json\" class=\"yoast-schema-graph\">{\"@context\":\"https:\/\/schema.org\",\"@graph\":[{\"@type\":\"WebSite\",\"@id\":\"https:\/\/boffenigo.com\/#website\",\"url\":\"https:\/\/boffenigo.com\/\",\"name\":\"Boffenigo\",\"description\":\"Un nuovo sito targato WordPress\",\"potentialAction\":[{\"@type\":\"SearchAction\",\"target\":\"https:\/\/boffenigo.com\/?s={search_term_string}\",\"query-input\":\"required name=search_term_string\"}],\"inLanguage\":\"de\"},{\"@type\":\"ImageObject\",\"@id\":\"https:\/\/boffenigo.com\/de\/wir-sind-voller-guter-vorsaetze\/#primaryimage\",\"inLanguage\":\"de\",\"url\":\"https:\/\/boffenigo.com\/wp-content\/uploads\/TWR_1875.jpg\",\"width\":1280,\"height\":853},{\"@type\":\"WebPage\",\"@id\":\"https:\/\/boffenigo.com\/de\/wir-sind-voller-guter-vorsaetze\/#webpage\",\"url\":\"https:\/\/boffenigo.com\/de\/wir-sind-voller-guter-vorsaetze\/\",\"name\":\"Die Neuheiten 2022 des 4-Sterne-Hotels Boffenigo am Gardasee\",\"isPartOf\":{\"@id\":\"https:\/\/boffenigo.com\/#website\"},\"primaryImageOfPage\":{\"@id\":\"https:\/\/boffenigo.com\/de\/wir-sind-voller-guter-vorsaetze\/#primaryimage\"},\"datePublished\":\"2022-01-11T11:08:02+00:00\",\"dateModified\":\"2023-01-30T08:58:47+00:00\",\"author\":{\"@id\":\"https:\/\/boffenigo.com\/#\/schema\/person\/22eb7e582081f01c8506fd8559c4fcc5\"},\"description\":\"Einige Neuigkeiten, die Sie erwarten: neue Aperitifs mit Blick auf den Gardasee, Erlebnisse zum Entdecken der Umgebung und eine Biosauna!\",\"inLanguage\":\"de\",\"potentialAction\":[{\"@type\":\"ReadAction\",\"target\":[\"https:\/\/boffenigo.com\/de\/wir-sind-voller-guter-vorsaetze\/\"]}]},{\"@type\":\"Person\",\"@id\":\"https:\/\/boffenigo.com\/#\/schema\/person\/22eb7e582081f01c8506fd8559c4fcc5\",\"name\":\"admin\",\"sameAs\":[\"https:\/\/boffenigo.com\"]}]}<\/script>\n<!-- \/ Yoast SEO plugin. -->","_links":{"self":[{"href":"https:\/\/boffenigo.com\/de\/wp-json\/wp\/v2\/posts\/4271"}],"collection":[{"href":"https:\/\/boffenigo.com\/de\/wp-json\/wp\/v2\/posts"}],"about":[{"href":"https:\/\/boffenigo.com\/de\/wp-json\/wp\/v2\/types\/post"}],"author":[{"embeddable":true,"href":"https:\/\/boffenigo.com\/de\/wp-json\/wp\/v2\/users\/1"}],"replies":[{"embeddable":true,"href":"https:\/\/boffenigo.com\/de\/wp-json\/wp\/v2\/comments?post=4271"}],"version-history":[{"count":2,"href":"https:\/\/boffenigo.com\/de\/wp-json\/wp\/v2\/posts\/4271\/revisions"}],"predecessor-version":[{"id":6802,"href":"https:\/\/boffenigo.com\/de\/wp-json\/wp\/v2\/posts\/4271\/revisions\/6802"}],"wp:featuredmedia":[{"embeddable":true,"href":"https:\/\/boffenigo.com\/de\/wp-json\/wp\/v2\/media\/4296"}],"wp:attachment":[{"href":"https:\/\/boffenigo.com\/de\/wp-json\/wp\/v2\/media?parent=4271"}],"wp:term":[{"taxonomy":"category","embeddable":true,"href":"https:\/\/boffenigo.com\/de\/wp-json\/wp\/v2\/categories?post=4271"},{"taxonomy":"post_tag","embeddable":true,"href":"https:\/\/boffenigo.com\/de\/wp-json\/wp\/v2\/tags?post=4271"}],"curies":[{"name":"wp","href":"https:\/\/api.w.org\/{rel}","templated":true}]}}